{"id":19284,"date":"2025-03-03T07:58:38","date_gmt":"2025-03-03T07:58:38","guid":{"rendered":"https:\/\/alliance4universities.eu\/?p=19284"},"modified":"2025-03-03T07:58:39","modified_gmt":"2025-03-03T07:58:39","slug":"a4u-research-and-innovation-delegates-meet-in-brussels-to-strategize-for-the-future-following-eu-competitiveness-compass-publication","status":"publish","type":"post","link":"https:\/\/alliance4universities.eu\/en\/a4u-research-and-innovation-delegates-meet-in-brussels-to-strategize-for-the-future-following-eu-competitiveness-compass-publication\/","title":{"rendered":"A4U Research and Innovation Delegates Meet in Brussels to Strategize for the Future Following EU Competitiveness Compass Publication"},"content":{"rendered":"\n<p>From February 24th to 26th, a delegation from Alianza 4 Universidades (A4U) convened in Brussels to delve into the most pressing topics in Research and Innovation (R&amp;I). The delegation included Vice-Rectors for Research and Innovation, Directors of R&amp;I, and Heads of EU Grants Offices from the four universities that comprise A4U: the Autonomous University of Barcelona (UAB), the Autonomous University of Madrid (UAM), Carlos III University of Madrid (UC3M), and Pompeu Fabra University (UPF).<\/p>\n\n\n\n<p>The meeting began with a warm welcome from Elena Dom\u00ednguez, the CSIC delegate in Brussels. Montserrat Badia Serrano (EC \u2013 DG RTD) provided insights into the European Commission\u2019s preparations for the next R&amp;I Framework Program. Slaven Misljen\u010devi\u0107 (EC \u2013 DG RTD) then outlined the strategy for consolidating EU-level initiatives to attract and retain scientific talent through the ERA Talent Platform. Agust\u00edn Calvo highlighted the EC\u2019s efforts to establish a pan-European pension fund for mobile researchers, known as the RESAVER program.<\/p>\n\n\n\n<p>The agenda continued with interactive sessions led by Mila Bas and Josefina Enfedaque on the European Research Council (ERC), followed by a session on the European Innovation Council (EIC) with Ewa Koci\u0144ska-Lange. While A4U universities have achieved notable success in ERC grants, the focus now is on improving performance in EIC initiatives to amplify the societal impact of their research. Catherine Berens delivered a practical session on shaping the next Life Sciences Strategy.<\/p>\n\n\n\n<p>Marina Mart\u00ednez (SOST-CDTI) addressed the political developments impacting universities and their R&amp;I activities, proposing actionable steps to ensure proactive engagement. Additionally, Dirk de Craemer (UGhent) shared organizational best practices in research management, offering valuable insights into Ghent University\u2019s internal structures and strategies.<\/p>\n\n\n\n<p>The meeting was organized by A4U\u2019s Office for the Promotion of European Research Activities (OPERA) at the CSIC facilities in Brussels.<\/p>\n\n\n\n<p><strong>About Alianza 4 Universidades (A4U):<\/strong><br>A4U is a strategic alliance of four leading Spanish public universities: the Autonomous University of Barcelona (UAB), the Autonomous University of Madrid (UAM), Carlos III University of Madrid (UC3M), and Pompeu Fabra University (UPF). Established to strengthen collaboration, A4U aims to enhance the research profiles of its member universities, foster internationalization, and promote mobility for students, faculty, and researchers. The alliance also prioritizes quality teaching, interuniversity degree programs, and online training.<\/p>\n\n\n\n<p>In 2009, A4U launched OPERA to support its universities in securing European research funding and influencing R&amp;D policy. OPERA\u2019s objectives include:<\/p>\n\n\n\n<ul class=\"wp-block-list\">\n<li>Enhancing the competitiveness of A4U research at European and international levels.<\/li>\n\n\n\n<li>Identifying new funding opportunities and policies relevant to A4U universities.<\/li>\n\n\n\n<li>Influencing European R&amp;D and innovation policymaking.<\/li>\n\n\n\n<li>Providing personalized support in Brussels for researchers involved in European projects.<\/li>\n<\/ul>\n\n\n\n<p><strong>Participants from A4U Universities:<\/strong><br>Vice-Rectors: Vanesa Daza (UPF), Cristina Pujades (UPF), Daniel Jaque (UAM), Maite Bl\u00e1zquez (UAM), Assumpci\u00f3 Malgosa (UAB), Rosa M. Sebasti\u00e1n (UAB), Guillermo Carpintero (UC3M).<br>Directors: Iv\u00e1n Mart\u00ednez (UAB), N\u00faria Claver (UAB), Clara G\u00f3mez (UAM), Rafa Oliveros (UAM), Eva Mart\u00edn (UPF), Regina Garc\u00eda (UAM), Cristina Velasco (UC3M), M\u00f2nica de Forn (UPF), Ana Sagardoy (UPF), Chelo Mor\u00e1n (UC3M), Isabel Ballesteros (UC3M), Florencia Giunta (UC3M).<\/p>\n","protected":false},"excerpt":{"rendered":"<p>From February 24th to 26th, a delegation from Alianza 4 Universidades (A4U) convened in Brussels to delve into the most pressing topics in Research and Innovation (R&amp;I). The delegation included Vice-Rectors for Research and Innovation, Directors of R&amp;I, and Heads of EU Grants Offices from the four universities that comprise A4U: the Autonomous University of [&hellip;]<\/p>\n","protected":false},"author":3,"featured_media":19280,"comment_status":"closed","ping_status":"closed","sticky":false,"template":"","format":"standard","meta":{"footnotes":""},"categories":[46,38],"tags":[],"class_list":["post-19284","post","type-post","status-publish","format-standard","has-post-thumbnail","hentry","category-highlights","category-what-s-new"],"yoast_head":"<!-- This site is optimized with the Yoast SEO plugin v26.1.1 - https:\/\/yoast.com\/wordpress\/plugins\/seo\/ -->\n<title>A4U Research and Innovation Delegates Meet in Brussels to Strategize for the Future Following EU Competitiveness Compass Publication - Alliance4universities<\/title>\n<meta name=\"robots\" content=\"index, follow, max-snippet:-1, max-image-preview:large, max-video-preview:-1\" \/>\n<link rel=\"canonical\" href=\"https:\/\/alliance4universities.eu\/en\/a4u-research-and-innovation-delegates-meet-in-brussels-to-strategize-for-the-future-following-eu-competitiveness-compass-publication\/\" \/>\n<meta property=\"og:locale\" content=\"en_US\" \/>\n<meta property=\"og:type\" content=\"article\" \/>\n<meta property=\"og:title\" content=\"A4U Research and Innovation Delegates Meet in Brussels to Strategize for the Future Following EU Competitiveness Compass Publication - Alliance4universities\" \/>\n<meta property=\"og:description\" content=\"From February 24th to 26th, a delegation from Alianza 4 Universidades (A4U) convened in Brussels to delve into the most pressing topics in Research and Innovation (R&amp;I). The delegation included Vice-Rectors for Research and Innovation, Directors of R&amp;I, and Heads of EU Grants Offices from the four universities that comprise A4U: the Autonomous University of [&hellip;]\" \/>\n<meta property=\"og:url\" content=\"https:\/\/alliance4universities.eu\/en\/a4u-research-and-innovation-delegates-meet-in-brussels-to-strategize-for-the-future-following-eu-competitiveness-compass-publication\/\" \/>\n<meta property=\"og:site_name\" content=\"Alliance4universities\" \/>\n<meta property=\"article:published_time\" content=\"2025-03-03T07:58:38+00:00\" \/>\n<meta property=\"article:modified_time\" content=\"2025-03-03T07:58:39+00:00\" \/>\n<meta property=\"og:image\" content=\"https:\/\/alliance4universities.eu\/wp-content\/uploads\/2025\/03\/A4U_ViceRectorsVisit_2025_0.jpg\" \/>\n\t<meta property=\"og:image:width\" content=\"2016\" \/>\n\t<meta property=\"og:image:height\" content=\"648\" \/>\n\t<meta property=\"og:image:type\" content=\"image\/jpeg\" \/>\n<meta name=\"author\" content=\"Iris Garc\u00eda\" \/>\n<meta name=\"twitter:card\" content=\"summary_large_image\" \/>\n<meta name=\"twitter:label1\" content=\"Written by\" \/>\n\t<meta name=\"twitter:data1\" content=\"Iris Garc\u00eda\" \/>\n<script type=\"application\/ld+json\" class=\"yoast-schema-graph\">{\"@context\":\"https:\/\/schema.org\",\"@graph\":[{\"@type\":\"WebPage\",\"@id\":\"https:\/\/alliance4universities.eu\/en\/a4u-research-and-innovation-delegates-meet-in-brussels-to-strategize-for-the-future-following-eu-competitiveness-compass-publication\/\",\"url\":\"https:\/\/alliance4universities.eu\/en\/a4u-research-and-innovation-delegates-meet-in-brussels-to-strategize-for-the-future-following-eu-competitiveness-compass-publication\/\",\"name\":\"A4U Research and Innovation Delegates Meet in Brussels to Strategize for the Future Following EU Competitiveness Compass Publication - Alliance4universities\",\"isPartOf\":{\"@id\":\"https:\/\/alliance4universities.eu\/#website\"},\"primaryImageOfPage\":{\"@id\":\"https:\/\/alliance4universities.eu\/en\/a4u-research-and-innovation-delegates-meet-in-brussels-to-strategize-for-the-future-following-eu-competitiveness-compass-publication\/#primaryimage\"},\"image\":{\"@id\":\"https:\/\/alliance4universities.eu\/en\/a4u-research-and-innovation-delegates-meet-in-brussels-to-strategize-for-the-future-following-eu-competitiveness-compass-publication\/#primaryimage\"},\"thumbnailUrl\":\"https:\/\/alliance4universities.eu\/wp-content\/uploads\/2025\/03\/A4U_ViceRectorsVisit_2025_0.jpg\",\"datePublished\":\"2025-03-03T07:58:38+00:00\",\"dateModified\":\"2025-03-03T07:58:39+00:00\",\"author\":{\"@id\":\"https:\/\/alliance4universities.eu\/#\/schema\/person\/b591f32d6b8ddbf7e19d93195cae6d06\"},\"breadcrumb\":{\"@id\":\"https:\/\/alliance4universities.eu\/en\/a4u-research-and-innovation-delegates-meet-in-brussels-to-strategize-for-the-future-following-eu-competitiveness-compass-publication\/#breadcrumb\"},\"inLanguage\":\"en-US\",\"potentialAction\":[{\"@type\":\"ReadAction\",\"target\":[\"https:\/\/alliance4universities.eu\/en\/a4u-research-and-innovation-delegates-meet-in-brussels-to-strategize-for-the-future-following-eu-competitiveness-compass-publication\/\"]}]},{\"@type\":\"ImageObject\",\"inLanguage\":\"en-US\",\"@id\":\"https:\/\/alliance4universities.eu\/en\/a4u-research-and-innovation-delegates-meet-in-brussels-to-strategize-for-the-future-following-eu-competitiveness-compass-publication\/#primaryimage\",\"url\":\"https:\/\/alliance4universities.eu\/wp-content\/uploads\/2025\/03\/A4U_ViceRectorsVisit_2025_0.jpg\",\"contentUrl\":\"https:\/\/alliance4universities.eu\/wp-content\/uploads\/2025\/03\/A4U_ViceRectorsVisit_2025_0.jpg\",\"width\":2016,\"height\":648},{\"@type\":\"BreadcrumbList\",\"@id\":\"https:\/\/alliance4universities.eu\/en\/a4u-research-and-innovation-delegates-meet-in-brussels-to-strategize-for-the-future-following-eu-competitiveness-compass-publication\/#breadcrumb\",\"itemListElement\":[{\"@type\":\"ListItem\",\"position\":1,\"name\":\"Portada\",\"item\":\"https:\/\/alliance4universities.eu\/en\/\"},{\"@type\":\"ListItem\",\"position\":2,\"name\":\"A4U Research and Innovation Delegates Meet in Brussels to Strategize for the Future Following EU Competitiveness Compass Publication\"}]},{\"@type\":\"WebSite\",\"@id\":\"https:\/\/alliance4universities.eu\/#website\",\"url\":\"https:\/\/alliance4universities.eu\/\",\"name\":\"Alliance4universities\",\"description\":\"Alianza 4 universidades\",\"potentialAction\":[{\"@type\":\"SearchAction\",\"target\":{\"@type\":\"EntryPoint\",\"urlTemplate\":\"https:\/\/alliance4universities.eu\/?s={search_term_string}\"},\"query-input\":{\"@type\":\"PropertyValueSpecification\",\"valueRequired\":true,\"valueName\":\"search_term_string\"}}],\"inLanguage\":\"en-US\"},{\"@type\":\"Person\",\"@id\":\"https:\/\/alliance4universities.eu\/#\/schema\/person\/b591f32d6b8ddbf7e19d93195cae6d06\",\"name\":\"Iris Garc\u00eda\",\"image\":{\"@type\":\"ImageObject\",\"inLanguage\":\"en-US\",\"@id\":\"https:\/\/alliance4universities.eu\/#\/schema\/person\/image\/\",\"url\":\"https:\/\/secure.gravatar.com\/avatar\/81f570204059774a03ec32b7d39191684627213a332894731eacb8faee65356e?s=96&d=mm&r=g\",\"contentUrl\":\"https:\/\/secure.gravatar.com\/avatar\/81f570204059774a03ec32b7d39191684627213a332894731eacb8faee65356e?s=96&d=mm&r=g\",\"caption\":\"Iris Garc\u00eda\"},\"url\":\"https:\/\/alliance4universities.eu\/en\/author\/olga-belova\/\"}]}<\/script>\n<!-- \/ Yoast SEO plugin. -->","yoast_head_json":{"title":"A4U Research and Innovation Delegates Meet in Brussels to Strategize for the Future Following EU Competitiveness Compass Publication - Alliance4universities","robots":{"index":"index","follow":"follow","max-snippet":"max-snippet:-1","max-image-preview":"max-image-preview:large","max-video-preview":"max-video-preview:-1"},"canonical":"https:\/\/alliance4universities.eu\/en\/a4u-research-and-innovation-delegates-meet-in-brussels-to-strategize-for-the-future-following-eu-competitiveness-compass-publication\/","og_locale":"en_US","og_type":"article","og_title":"A4U Research and Innovation Delegates Meet in Brussels to Strategize for the Future Following EU Competitiveness Compass Publication - Alliance4universities","og_description":"From February 24th to 26th, a delegation from Alianza 4 Universidades (A4U) convened in Brussels to delve into the most pressing topics in Research and Innovation (R&amp;I). The delegation included Vice-Rectors for Research and Innovation, Directors of R&amp;I, and Heads of EU Grants Offices from the four universities that comprise A4U: the Autonomous University of [&hellip;]","og_url":"https:\/\/alliance4universities.eu\/en\/a4u-research-and-innovation-delegates-meet-in-brussels-to-strategize-for-the-future-following-eu-competitiveness-compass-publication\/","og_site_name":"Alliance4universities","article_published_time":"2025-03-03T07:58:38+00:00","article_modified_time":"2025-03-03T07:58:39+00:00","og_image":[{"width":2016,"height":648,"url":"https:\/\/alliance4universities.eu\/wp-content\/uploads\/2025\/03\/A4U_ViceRectorsVisit_2025_0.jpg","type":"image\/jpeg"}],"author":"Iris Garc\u00eda","twitter_card":"summary_large_image","twitter_misc":{"Written by":"Iris Garc\u00eda"},"schema":{"@context":"https:\/\/schema.org","@graph":[{"@type":"WebPage","@id":"https:\/\/alliance4universities.eu\/en\/a4u-research-and-innovation-delegates-meet-in-brussels-to-strategize-for-the-future-following-eu-competitiveness-compass-publication\/","url":"https:\/\/alliance4universities.eu\/en\/a4u-research-and-innovation-delegates-meet-in-brussels-to-strategize-for-the-future-following-eu-competitiveness-compass-publication\/","name":"A4U Research and Innovation Delegates Meet in Brussels to Strategize for the Future Following EU Competitiveness Compass Publication - Alliance4universities","isPartOf":{"@id":"https:\/\/alliance4universities.eu\/#website"},"primaryImageOfPage":{"@id":"https:\/\/alliance4universities.eu\/en\/a4u-research-and-innovation-delegates-meet-in-brussels-to-strategize-for-the-future-following-eu-competitiveness-compass-publication\/#primaryimage"},"image":{"@id":"https:\/\/alliance4universities.eu\/en\/a4u-research-and-innovation-delegates-meet-in-brussels-to-strategize-for-the-future-following-eu-competitiveness-compass-publication\/#primaryimage"},"thumbnailUrl":"https:\/\/alliance4universities.eu\/wp-content\/uploads\/2025\/03\/A4U_ViceRectorsVisit_2025_0.jpg","datePublished":"2025-03-03T07:58:38+00:00","dateModified":"2025-03-03T07:58:39+00:00","author":{"@id":"https:\/\/alliance4universities.eu\/#\/schema\/person\/b591f32d6b8ddbf7e19d93195cae6d06"},"breadcrumb":{"@id":"https:\/\/alliance4universities.eu\/en\/a4u-research-and-innovation-delegates-meet-in-brussels-to-strategize-for-the-future-following-eu-competitiveness-compass-publication\/#breadcrumb"},"inLanguage":"en-US","potentialAction":[{"@type":"ReadAction","target":["https:\/\/alliance4universities.eu\/en\/a4u-research-and-innovation-delegates-meet-in-brussels-to-strategize-for-the-future-following-eu-competitiveness-compass-publication\/"]}]},{"@type":"ImageObject","inLanguage":"en-US","@id":"https:\/\/alliance4universities.eu\/en\/a4u-research-and-innovation-delegates-meet-in-brussels-to-strategize-for-the-future-following-eu-competitiveness-compass-publication\/#primaryimage","url":"https:\/\/alliance4universities.eu\/wp-content\/uploads\/2025\/03\/A4U_ViceRectorsVisit_2025_0.jpg","contentUrl":"https:\/\/alliance4universities.eu\/wp-content\/uploads\/2025\/03\/A4U_ViceRectorsVisit_2025_0.jpg","width":2016,"height":648},{"@type":"BreadcrumbList","@id":"https:\/\/alliance4universities.eu\/en\/a4u-research-and-innovation-delegates-meet-in-brussels-to-strategize-for-the-future-following-eu-competitiveness-compass-publication\/#breadcrumb","itemListElement":[{"@type":"ListItem","position":1,"name":"Portada","item":"https:\/\/alliance4universities.eu\/en\/"},{"@type":"ListItem","position":2,"name":"A4U Research and Innovation Delegates Meet in Brussels to Strategize for the Future Following EU Competitiveness Compass Publication"}]},{"@type":"WebSite","@id":"https:\/\/alliance4universities.eu\/#website","url":"https:\/\/alliance4universities.eu\/","name":"Alliance4universities","description":"Alianza 4 universidades","potentialAction":[{"@type":"SearchAction","target":{"@type":"EntryPoint","urlTemplate":"https:\/\/alliance4universities.eu\/?s={search_term_string}"},"query-input":{"@type":"PropertyValueSpecification","valueRequired":true,"valueName":"search_term_string"}}],"inLanguage":"en-US"},{"@type":"Person","@id":"https:\/\/alliance4universities.eu\/#\/schema\/person\/b591f32d6b8ddbf7e19d93195cae6d06","name":"Iris Garc\u00eda","image":{"@type":"ImageObject","inLanguage":"en-US","@id":"https:\/\/alliance4universities.eu\/#\/schema\/person\/image\/","url":"https:\/\/secure.gravatar.com\/avatar\/81f570204059774a03ec32b7d39191684627213a332894731eacb8faee65356e?s=96&d=mm&r=g","contentUrl":"https:\/\/secure.gravatar.com\/avatar\/81f570204059774a03ec32b7d39191684627213a332894731eacb8faee65356e?s=96&d=mm&r=g","caption":"Iris Garc\u00eda"},"url":"https:\/\/alliance4universities.eu\/en\/author\/olga-belova\/"}]}},"_links":{"self":[{"href":"https:\/\/alliance4universities.eu\/en\/wp-json\/wp\/v2\/posts\/19284","targetHints":{"allow":["GET"]}}],"collection":[{"href":"https:\/\/alliance4universities.eu\/en\/wp-json\/wp\/v2\/posts"}],"about":[{"href":"https:\/\/alliance4universities.eu\/en\/wp-json\/wp\/v2\/types\/post"}],"author":[{"embeddable":true,"href":"https:\/\/alliance4universities.eu\/en\/wp-json\/wp\/v2\/users\/3"}],"replies":[{"embeddable":true,"href":"https:\/\/alliance4universities.eu\/en\/wp-json\/wp\/v2\/comments?post=19284"}],"version-history":[{"count":1,"href":"https:\/\/alliance4universities.eu\/en\/wp-json\/wp\/v2\/posts\/19284\/revisions"}],"predecessor-version":[{"id":19285,"href":"https:\/\/alliance4universities.eu\/en\/wp-json\/wp\/v2\/posts\/19284\/revisions\/19285"}],"wp:featuredmedia":[{"embeddable":true,"href":"https:\/\/alliance4universities.eu\/en\/wp-json\/wp\/v2\/media\/19280"}],"wp:attachment":[{"href":"https:\/\/alliance4universities.eu\/en\/wp-json\/wp\/v2\/media?parent=19284"}],"wp:term":[{"taxonomy":"category","embeddable":true,"href":"https:\/\/alliance4universities.eu\/en\/wp-json\/wp\/v2\/categories?post=19284"},{"taxonomy":"post_tag","embeddable":true,"href":"https:\/\/alliance4universities.eu\/en\/wp-json\/wp\/v2\/tags?post=19284"}],"curies":[{"name":"wp","href":"https:\/\/api.w.org\/{rel}","templated":true}]}}